[{"@context":"https:\/\/schema.org\/","@type":"Article","@id":"https:\/\/www.stawal.sk\/mate-radi-vianoce\/#Article","mainEntityOfPage":"https:\/\/www.stawal.sk\/mate-radi-vianoce\/","headline":"M\u00e1te radi Vianoce?","name":"M\u00e1te radi Vianoce?","description":"No a je to tu. Za p\u00e1r mesiacov tu bud\u00fa Vianoce. A pozn\u00e1te to, v\u0161etky tie pr\u00edpravy, to nie je len tak&#8230; Mne to d\u00e1 v\u017edy hrozne ve\u013emi zabra\u0165, ne\u017e v\u0161etko starostlivo nachyst\u00e1m, ale potom je cel\u00fd dom kr\u00e1sny a ja z toho https:\/\/www.tohowater.com\/customerservice\/Pages\/Pay%2520My%2520Bill.aspx m\u00e1m obrovsk\u00fa rados\u0165. Len\u017ee na tieto Vianoce som zh\u00e1\u0148ala viano\u010dn\u00e9 re\u0165aze &hellip;<p class=\"read-more\"> <a class=\" thunk-readmore button \" href=\"https:\/\/www.stawal.sk\/mate-radi-vianoce\/\"> <span class=\"screen-reader-text\">M\u00e1te radi Vianoce?<\/span>Read More<\/a><\/p>","datePublished":"2025-09-01","dateModified":"2025-09-01","author":{"@type":"Person","@id":"https:\/\/www.stawal.sk\/author\/#Person","name":"","url":"https:\/\/www.stawal.sk\/author\/","identifier":1,"image":{"@type":"ImageObject","@id":"https:\/\/secure.gravatar.com\/avatar\/0c4621640b5c0734669aeb181ef77969b528487727344f28e734a206566ea0f1?s=96&d=mm&r=g","url":"https:\/\/secure.gravatar.com\/avatar\/0c4621640b5c0734669aeb181ef77969b528487727344f28e734a206566ea0f1?s=96&d=mm&r=g","height":96,"width":96}},"publisher":{"@type":"Organization","name":"stawal.sk","logo":{"@type":"ImageObject","@id":"\/logo.png","url":"\/logo.png","width":600,"height":60}},"image":{"@type":"ImageObject","@id":"https:\/\/www.stawal.sk\/wp-content\/uploads\/pexels-peterdanthy-34116342_1.jpg","url":"https:\/\/www.stawal.sk\/wp-content\/uploads\/pexels-peterdanthy-34116342_1.jpg","height":0,"width":0},"url":"https:\/\/www.stawal.sk\/mate-radi-vianoce\/","wordCount":417,"articleBody":"   No a je to tu. Za p\u00e1r mesiacov tu bud\u00fa Vianoce. A pozn\u00e1te to, v\u0161etky tie pr\u00edpravy, to nie je len tak&#8230; Mne to d\u00e1 v\u017edy hrozne ve\u013emi zabra\u0165, ne\u017e v\u0161etko starostlivo nachyst\u00e1m, ale potom je cel\u00fd dom kr\u00e1sny a ja z toho  https:\/\/www.tohowater.com\/customerservice\/Pages\/Pay%2520My%2520Bill.aspx m\u00e1m obrovsk\u00fa rados\u0165. Len\u017ee na tieto Vianoce som zh\u00e1\u0148ala viano\u010dn\u00e9 re\u0165aze na strom\u010dek a nikde som ich nemohla n\u00e1js\u0165. V\u017edy som mala klasiku na strom\u010deku \u2013 iba biele, teraz som sa to ale jednoducho rozhodla zmeni\u0165. Predsa len, zmena je \u017eivot, ako sa hovor\u00ed. Tento rok by som si tie viano\u010dn\u00e9 re\u0165aze predstavovala v trochu v\u00fdraznej\u0161\u00edch a pozit\u00edvnej\u0161\u00edch farb\u00e1ch, ako je napr\u00edklad modr\u00e1 alebo \u010derven\u00e1, \u010di zlat\u00e1. Alebo tam m\u00f4\u017eu by\u0165 v\u0161etky tri farby dohromady, ja sa \u010do sa t\u00fdka Vianoc experimentovania v\u00f4bec nebr\u00e1nim. Aby som povedala pravdu, tak Vianoce milujem a v\u017edy sa na toto kr\u00e1sne obdobie pln\u00e9 radov\u00e1nok a radosti te\u0161\u00edm. M\u00e1m aj dc\u00e9ru, tak\u017ee t\u00e1 to pre\u017e\u00edva tie\u017e a ja m\u00e1m ob\u010das aj pocit, ako keby som sa vracala s dc\u00e9rou sp\u00e4\u0165 do detstva, ako keby som du\u0161ou bola aj st\u00e1le e\u0161te trochu die\u0165a. Ale aby som neodbiehala od t\u00e9my, zh\u00e1\u0148ala som teda tie viano\u010dn\u00e9 re\u0165aze a \u0161tvalo ma, \u017ee som ich nikde nemohla n\u00e1js\u0165. Tentokr\u00e1t som si povedala, \u017ee budem v\u0161etko pripravova\u0165 sk\u00f4r s predstihom a dobre som urobila.A\u017e potom, ke\u010f som u\u017e bola z\u00fafal\u00e1 a \u017eiadne viano\u010dn\u00e9 re\u0165aze som nemohla n\u00e1js\u0165, som narazila na obchod veselevianoce, ktor\u00fd mi pomohol s v\u00fdberom re\u0165az\u00ed. Jedin\u00ed oni mali presne tak\u00e9 viano\u010dn\u00e9 re\u0165aze, ktor\u00e9 som si pr\u00e1ve ja priala. No a ani si asi nedok\u00e1\u017eete predstavi\u0165, ak\u00fa som ja mala rados\u0165. Okam\u017eite som si objednala tie, ktor\u00e9 sa mi pr\u00e1ve najviac p\u00e1\u010dili. A ver\u00edm tomu, \u017ee na\u017eivo bud\u00fa e\u0161te kraj\u0161ie. Tento eshop je super, so v\u0161etk\u00fdm mi poradil, vybral mi tie najkraj\u0161ie re\u0165aze na strom\u010dek s predstihom a ja som im za to v\u010fa\u010dn\u00e1, preto\u017ee tieto Vianoce bud\u00fa naozaj n\u00e1dhern\u00e9 a kr\u00e1sne. U\u017e sa na nich ve\u013emi te\u0161\u00edm.                                                                                                                                                                                                                                                                                                                                                                                          4.2\/5 - (5 votes)        "},{"@context":"https:\/\/schema.org\/","@type":"BreadcrumbList","itemListElement":[{"@type":"ListItem","position":1,"name":"M\u00e1te radi Vianoce?","item":"https:\/\/www.stawal.sk\/mate-radi-vianoce\/#breadcrumbitem"}]}]