[{"@context":"https:\/\/schema.org\/","@type":"Article","@id":"https:\/\/www.stawal.sk\/krcove-zily-nie-su-len-esteticky-problem\/#Article","mainEntityOfPage":"https:\/\/www.stawal.sk\/krcove-zily-nie-su-len-esteticky-problem\/","headline":"K\u0155\u010dov\u00e9 \u017eily nie s\u00fa len estetick\u00fd probl\u00e9m","name":"K\u0155\u010dov\u00e9 \u017eily nie s\u00fa len estetick\u00fd probl\u00e9m","description":"T\u00e1to nepr\u00edjemnos\u0165 sa vyskytuje skoro u polovice \u017eien a u 25% mu\u017eov vo veku 40 a\u017e 49 rokov a e\u0161te viac postihuje \u017eeny aj mu\u017eov vo veku 60 a\u017e 69 rokov, no vo v\u0161eobecnosti postihuje viac \u017eeny. Aj ke\u010f sa o nej hovor\u00ed preva\u017ene ako o estetickom probl\u00e9me, netreba podce\u0148ova\u0165 jej zdravotn\u00fa str\u00e1nku. T\u00e1to nepr\u00edjemnos\u0165 &hellip;<p class=\"read-more\"> <a class=\" thunk-readmore button \" href=\"https:\/\/www.stawal.sk\/krcove-zily-nie-su-len-esteticky-problem\/\"> <span class=\"screen-reader-text\">K\u0155\u010dov\u00e9 \u017eily nie s\u00fa len estetick\u00fd probl\u00e9m<\/span>Read More<\/a><\/p>","datePublished":"2021-10-09","dateModified":"2021-10-09","author":{"@type":"Person","@id":"https:\/\/www.stawal.sk\/author\/#Person","name":"","url":"https:\/\/www.stawal.sk\/author\/","identifier":1,"image":{"@type":"ImageObject","@id":"https:\/\/secure.gravatar.com\/avatar\/0c4621640b5c0734669aeb181ef77969b528487727344f28e734a206566ea0f1?s=96&d=mm&r=g","url":"https:\/\/secure.gravatar.com\/avatar\/0c4621640b5c0734669aeb181ef77969b528487727344f28e734a206566ea0f1?s=96&d=mm&r=g","height":96,"width":96}},"publisher":{"@type":"Organization","name":"stawal.sk","logo":{"@type":"ImageObject","@id":"\/logo.png","url":"\/logo.png","width":600,"height":60}},"image":{"@type":"ImageObject","@id":"https:\/\/www.stawal.sk\/wp-content\/uploads\/elderly-woman-shows-varicose-1145186766-cfb1326c1dac4189bbc78ca19847128b.jpg","url":"https:\/\/www.stawal.sk\/wp-content\/uploads\/elderly-woman-shows-varicose-1145186766-cfb1326c1dac4189bbc78ca19847128b.jpg","height":0,"width":0},"url":"https:\/\/www.stawal.sk\/krcove-zily-nie-su-len-esteticky-problem\/","wordCount":440,"articleBody":"   T\u00e1to nepr\u00edjemnos\u0165 sa vyskytuje skoro u polovice \u017eien a u 25% mu\u017eov vo veku 40 a\u017e 49 rokov a e\u0161te viac postihuje \u017eeny aj mu\u017eov vo veku 60 a\u017e 69 rokov, no vo v\u0161eobecnosti postihuje viac \u017eeny. Aj ke\u010f sa o nej hovor\u00ed preva\u017ene ako o estetickom probl\u00e9me, netreba podce\u0148ova\u0165 jej zdravotn\u00fa str\u00e1nku. T\u00e1to nepr\u00edjemnos\u0165 sa rad\u00ed medzi civiliza\u010dn\u00e9 choroby a s\u00fa \u0148ou k\u0155\u010dov\u00e9 \u017eily. Postihuj\u00fa najm\u00e4 \u017eeny a zv\u00fd\u0161en\u00e9 riziko ich vzniku prich\u00e1dza s tehotenstvom alebo s prib\u00fadaj\u00facim vekom. Pre\u010do vznikaj\u00fa? Prim\u00e1rnou \u00falohou \u017e\u00edl je vies\u0165 krv z org\u00e1nov a tkan\u00edv sp\u00e4\u0165 do srdca. Ke\u010f\u017ee smeruje proti smeru gravit\u00e1cie, v \u017eil\u00e1ch m\u00e1me chlopne, \u010do s\u00fa \u0161peci\u00e1lne vent\u00edly, ktor\u00e9 br\u00e1nia sp\u00e4tn\u00e9ho toku krvi. Varixy, alebo k\u0155\u010dov\u00e9 \u017eily s\u00fa tak\u00e9 \u017eily, ktor\u00e9 maj\u00fa tieto chlopne po\u0161koden\u00e9 alebo nefunk\u010dn\u00e9, a teda krv za\u010dne pr\u00fadi\u0165 opa\u010dn\u00fdm smerom. D\u00f4vod, pre\u010do s\u00fa tieto \u017eily vidite\u013en\u00e9 na povrchu ko\u017ee je, \u017ee v ich vn\u00fatri je vysok\u00fd \u017eilov\u00fd tlak. Existuje viacero mo\u017en\u00fdch d\u00f4vodov vzniku k\u0155\u010dov\u00fdch \u017e\u00edl, no pripisuj\u00fa sa naj\u010dastej\u0161ie sedav\u00e9mu \u017eivotn\u00e9mu \u0161t\u00fdlu, nedostatku pohybu, hormon\u00e1lnym zmen\u00e1m u \u017eien, \u010di obezite. D\u00f4vodom ale m\u00f4\u017ee by\u0165 aj genetick\u00fd faktor, a teda vroden\u00e9 oslabenie cievnej steny, \u010di nedostato\u010dn\u00e1 funkcia chlopne. Pod pojmom k\u0155\u010dov\u00e9 \u017eily si predstav\u00edme ve\u013ek\u00e9, vyst\u00fapen\u00e9 \u017eily, ktor\u00e9 s\u00fa jasne vidite\u013en\u00e9 najm\u00e4 na l\u00fdtkach. K\u0155\u010dov\u00e9 \u017eily v\u0161ak maj\u00fa viacero \u0161t\u00e1di\u00ed. Prv\u00e9 \u0161t\u00e1dium s\u00fa roz\u0161\u00edren\u00e9 cievky, ktor\u00e9 s\u00fa najm\u00e4 estetick\u00fdm probl\u00e9mom, preto\u017ee zo zdravotn\u00e9ho h\u013eadiska nie s\u00fa zdrojom \u0165a\u017ekost\u00ed. V druhom \u0161t\u00e1diu s\u00fa \u017eily roz\u0161\u00edren\u00e9 do \u0161\u00edrky 4 mm a nie s\u00fa hmatate\u013en\u00e9, no sp\u00f4sobuj\u00fa boles\u0165. Tretie \u0161t\u00e1dium u\u017e nepredstavuje len estetick\u00fd probl\u00e9m ale prejavuje sa zhrubnut\u00edm ko\u017ee, boles\u0165ou, \u010di opuchom. Pr\u00edznakmi je napr\u00edklad pocit \u0165a\u017ek\u00fdch n\u00f4h, syndr\u00f3m nepokojn\u00fdch n\u00f4h, no\u010dn\u00e9 k\u0155\u010de, \u010di opuchy a bolesti. K\u0155\u010dov\u00e9 \u017eily m\u00f4\u017eu sp\u00f4sobi\u0165 r\u00f4zne ak\u00fatne aj chronick\u00e9 komplik\u00e1cie a treba ma\u0165 na vedom\u00ed, \u017ee vzniknut\u00e9 k\u0155\u010dov\u00e9 \u017eily u\u017e nemo\u017eno vylie\u010di\u0165. Ich vzniku sa d\u00e1 v\u0161ak pred\u00eds\u0165 napr\u00edklad zaraden\u00edm \u0161portu alebo aspo\u0148 ch\u00f4dze do svojich aktiv\u00edt, pou\u017e\u00edvan\u00edm kompresn\u00fdch pono\u017eiek, \u010di pan\u010d\u00fach alebo u\u017e\u00edvan\u00edm liekov, ktor\u00e9 zabra\u0148uj\u00fa po\u0161kodzovaniu \u017e\u00edl.                                                                                                                                                                                                                                                                                                                                                                                           4.5\/5 - (2 votes)        "},{"@context":"https:\/\/schema.org\/","@type":"BreadcrumbList","itemListElement":[{"@type":"ListItem","position":1,"name":"K\u0155\u010dov\u00e9 \u017eily nie s\u00fa len estetick\u00fd probl\u00e9m","item":"https:\/\/www.stawal.sk\/krcove-zily-nie-su-len-esteticky-problem\/#breadcrumbitem"}]}]